{"id":42137,"date":"2026-01-12T12:00:31","date_gmt":"2026-01-12T11:00:31","guid":{"rendered":"https:\/\/ieo-opm.com\/lo-diari-n89-davala-en-gara-de-pau\/"},"modified":"2026-01-14T18:14:54","modified_gmt":"2026-01-14T17:14:54","slug":"lo-diari-n89-davala-en-gara-de-pau","status":"publish","type":"post","link":"https:\/\/ieo-opm.com\/oc\/lo-diari-n89-davala-en-gara-de-pau\/","title":{"rendered":"Lo Diari n\u00b089 davala en gara de Pau"},"content":{"rendered":"<p>[et_pb_section fb_built=&nbsp;&raquo;1&Prime; _builder_version=&nbsp;&raquo;4.16&Prime; _module_preset=&nbsp;&raquo;default&nbsp;&raquo; global_colors_info=&nbsp;&raquo;{}&nbsp;&raquo;][et_pb_row column_structure=&nbsp;&raquo;2_5,3_5&Prime; _builder_version=&nbsp;&raquo;4.16&Prime; _module_preset=&nbsp;&raquo;default&nbsp;&raquo; custom_padding=&nbsp;&raquo;0px|||||&nbsp;&raquo; global_colors_info=&nbsp;&raquo;{}&nbsp;&raquo;][et_pb_column type=&nbsp;&raquo;2_5&Prime; _builder_version=&nbsp;&raquo;4.16&Prime; _module_preset=&nbsp;&raquo;default&nbsp;&raquo; global_colors_info=&nbsp;&raquo;{}&nbsp;&raquo;][et_pb_image src=&nbsp;&raquo;https:\/\/ieo-opm.com\/wp-content\/uploads\/LD89_-CV.jpg&nbsp;&raquo; alt=&nbsp;&raquo;Cob\u00e8rta del Diari n\u00b089 sus Pau&nbsp;&raquo; title_text=&nbsp;&raquo;Cob\u00e8rta del Diari n\u00b089 sus Pau&nbsp;&raquo; show_in_lightbox=&nbsp;&raquo;on&nbsp;&raquo; _builder_version=&nbsp;&raquo;4.27.5&Prime; _module_preset=&nbsp;&raquo;default&nbsp;&raquo; hover_enabled=&nbsp;&raquo;0&Prime; global_colors_info=&nbsp;&raquo;{}&nbsp;&raquo; sticky_enabled=&nbsp;&raquo;0&Prime;][\/et_pb_image][\/et_pb_column][et_pb_column type=&nbsp;&raquo;3_5&Prime; _builder_version=&nbsp;&raquo;4.16&Prime; _module_preset=&nbsp;&raquo;default&nbsp;&raquo; global_colors_info=&nbsp;&raquo;{}&nbsp;&raquo;][et_pb_text _builder_version=&nbsp;&raquo;4.27.5&Prime; _module_preset=&nbsp;&raquo;default&nbsp;&raquo; text_orientation=&nbsp;&raquo;justified&nbsp;&raquo; hover_enabled=&nbsp;&raquo;0&Prime; global_colors_info=&nbsp;&raquo;{}&nbsp;&raquo; sticky_enabled=&nbsp;&raquo;0&Prime;]<\/p>\n<h1>&laquo;&nbsp;Pau (e lo Bearn)&nbsp;&raquo;<\/h1>\n<p>Lo Diari, magazine cultural editat per l&rsquo;IEO OPM, se&rsquo;n va passejar long del baloard dels Piren\u00e8us, al p\u00e8 del cast\u00e8l, dins lo barri del Hed\u00e0s, amb un virolet per la montanha vesina. Direccion Pau per un num\u00e8ro bearn\u00e9s &laquo;&nbsp;cap e tot&nbsp;&raquo; ! <\/p>\n<p>Aqueste primi\u00e8r num\u00e8ro de l&rsquo;annada crosa, a l&rsquo;azard de las carri\u00e8ras paulinas, bravament de figuras istoricas, de reis de Fran\u00e7a (e de Navarra) en reis de Su\u00e8cia, mas tanben d&rsquo;actors culturals locals que totes an en comun de valorizar l&rsquo;occitan de Bearn. Sens oblidar d&rsquo;autras cronicas, sus l&rsquo;arquitectura, lo viatge, las arts&#8230; <\/p>\n<p>Aqueste num\u00e8ro vos inter\u00e8ssa ? Vos rapelam que lo mai important dels sostens, lo mai segur per garantir las n\u00f2stras seguretat e continuitat, n\u00f2stra independ\u00e9ncia editoriala e n\u00f2stra qualitat es lo v\u00f2stre. E o pod\u00e8tz mostrar merc\u00e9s a un g\u00e8ste simple : <strong>l\u2019abonament al magazine<\/strong>. Los diferents num\u00e8ros del <em>Diari<\/em> son tanben disponibles a la <strong>crompa a l&rsquo;unitat<\/strong>.<\/p>\n<p><em>Bona lectura !<\/em><\/p>\n<p style=\"margin-bottom: 0cm;\">[\/et_pb_text][et_pb_button button_url=&nbsp;&raquo;https:\/\/lodiari.com\/lo-diari-89-pau\/&nbsp;&raquo; button_text=&nbsp;&raquo;Legir Lo Diari n\u00b089&Prime; button_alignment=&nbsp;&raquo;center&nbsp;&raquo; _builder_version=&nbsp;&raquo;4.27.5&Prime; _module_preset=&nbsp;&raquo;default&nbsp;&raquo; custom_button=&nbsp;&raquo;on&nbsp;&raquo; button_icon=&nbsp;&raquo;&#xe0f7;||divi||400&Prime; button_icon_placement=&nbsp;&raquo;left&nbsp;&raquo; button_on_hover=&nbsp;&raquo;off&nbsp;&raquo; hover_enabled=&nbsp;&raquo;0&Prime; global_colors_info=&nbsp;&raquo;{}&nbsp;&raquo; sticky_enabled=&nbsp;&raquo;0&Prime;][\/et_pb_button][et_pb_text _builder_version=&nbsp;&raquo;4.19.0&Prime; _module_preset=&nbsp;&raquo;default&nbsp;&raquo; text_orientation=&nbsp;&raquo;center&nbsp;&raquo; global_colors_info=&nbsp;&raquo;{}&nbsp;&raquo;]<\/p>\n<p>O&#8230;<\/p>\n<p>[\/et_pb_text][et_pb_button button_url=&nbsp;&raquo;https:\/\/lodiari.com\/abo&nbsp;&raquo; url_new_window=&nbsp;&raquo;on&nbsp;&raquo; button_text=&nbsp;&raquo;M&apos;abonar&nbsp;&raquo; button_alignment=&nbsp;&raquo;center&nbsp;&raquo; _builder_version=&nbsp;&raquo;4.22.1&Prime; _module_preset=&nbsp;&raquo;default&nbsp;&raquo; custom_button=&nbsp;&raquo;on&nbsp;&raquo; button_icon=&nbsp;&raquo;&#xe078;||divi||400&Prime; button_icon_placement=&nbsp;&raquo;left&nbsp;&raquo; button_on_hover=&nbsp;&raquo;off&nbsp;&raquo; global_colors_info=&nbsp;&raquo;{}&nbsp;&raquo;][\/et_pb_button][\/et_pb_column][\/et_pb_row][\/et_pb_section]<\/p>\n","protected":false},"excerpt":{"rendered":"<p>Lo Diari, magazine cultural editat per l&rsquo;IEO OPM, se&rsquo;n va passejar long del baloard dels Piren\u00e8us, al p\u00e8 del cast\u00e8l, dins lo barri del Hed\u00e0s, amb un virolet per la montanha vesina. Direccion Pau per un num\u00e8ro bearn\u00e9s &laquo;&nbsp;cap e tot&nbsp;&raquo; ! <\/p>\n","protected":false},"author":1,"featured_media":42025,"comment_status":"open","ping_status":"closed","sticky":false,"template":"","format":"standard","meta":{"_et_pb_use_builder":"on","_et_pb_old_content":"","_et_gb_content_width":"","footnotes":""},"categories":[68],"tags":[],"class_list":["post-42137","post","type-post","status-publish","format-standard","has-post-thumbnail","hentry","category-actualitats"],"_links":{"self":[{"href":"https:\/\/ieo-opm.com\/oc\/wp-json\/wp\/v2\/posts\/42137","targetHints":{"allow":["GET"]}}],"collection":[{"href":"https:\/\/ieo-opm.com\/oc\/wp-json\/wp\/v2\/posts"}],"about":[{"href":"https:\/\/ieo-opm.com\/oc\/wp-json\/wp\/v2\/types\/post"}],"author":[{"embeddable":true,"href":"https:\/\/ieo-opm.com\/oc\/wp-json\/wp\/v2\/users\/1"}],"replies":[{"embeddable":true,"href":"https:\/\/ieo-opm.com\/oc\/wp-json\/wp\/v2\/comments?post=42137"}],"version-history":[{"count":6,"href":"https:\/\/ieo-opm.com\/oc\/wp-json\/wp\/v2\/posts\/42137\/revisions"}],"predecessor-version":[{"id":42164,"href":"https:\/\/ieo-opm.com\/oc\/wp-json\/wp\/v2\/posts\/42137\/revisions\/42164"}],"wp:featuredmedia":[{"embeddable":true,"href":"https:\/\/ieo-opm.com\/oc\/wp-json\/wp\/v2\/media\/42025"}],"wp:attachment":[{"href":"https:\/\/ieo-opm.com\/oc\/wp-json\/wp\/v2\/media?parent=42137"}],"wp:term":[{"taxonomy":"category","embeddable":true,"href":"https:\/\/ieo-opm.com\/oc\/wp-json\/wp\/v2\/categories?post=42137"},{"taxonomy":"post_tag","embeddable":true,"href":"https:\/\/ieo-opm.com\/oc\/wp-json\/wp\/v2\/tags?post=42137"}],"curies":[{"name":"wp","href":"https:\/\/api.w.org\/{rel}","templated":true}]}}