{"id":41911,"date":"2025-11-17T17:18:46","date_gmt":"2025-11-17T16:18:46","guid":{"rendered":"https:\/\/ieo-opm.com\/prestacions-graficas-e-portatge-de-servicis-civics-e-se-pensavetz-a-lieo-opm\/"},"modified":"2025-11-18T17:41:37","modified_gmt":"2025-11-18T16:41:37","slug":"prestacions-graficas-e-portatge-de-servicis-civics-e-se-pensavetz-a-lieo-opm","status":"publish","type":"post","link":"https:\/\/ieo-opm.com\/oc\/prestacions-graficas-e-portatge-de-servicis-civics-e-se-pensavetz-a-lieo-opm\/","title":{"rendered":"Prestacions graficas e portatge de servicis civics : e se pens\u00e0vetz a l&rsquo;IEO OPM ?"},"content":{"rendered":"<p>[et_pb_section fb_built=&nbsp;&raquo;1&Prime; theme_builder_area=&nbsp;&raquo;post_content&nbsp;&raquo; _builder_version=&nbsp;&raquo;4.27.4&Prime; _module_preset=&nbsp;&raquo;default&nbsp;&raquo;][et_pb_row _builder_version=&nbsp;&raquo;4.27.4&Prime; _module_preset=&nbsp;&raquo;default&nbsp;&raquo; column_structure=&nbsp;&raquo;2_5,3_5&Prime; theme_builder_area=&nbsp;&raquo;post_content&nbsp;&raquo; custom_padding=&nbsp;&raquo;0px||0px||false|false&nbsp;&raquo; hover_enabled=&nbsp;&raquo;0&Prime; sticky_enabled=&nbsp;&raquo;0&Prime;][et_pb_column _builder_version=&nbsp;&raquo;4.27.4&Prime; _module_preset=&nbsp;&raquo;default&nbsp;&raquo; type=&nbsp;&raquo;2_5&Prime; theme_builder_area=&nbsp;&raquo;post_content&nbsp;&raquo;][et_pb_image src=&nbsp;&raquo;https:\/\/ieo-opm.com\/wp-content\/uploads\/Cop-de-man-IEO-OPM.jpg&nbsp;&raquo; _builder_version=&nbsp;&raquo;4.27.4&Prime; _module_preset=&nbsp;&raquo;default&nbsp;&raquo; theme_builder_area=&nbsp;&raquo;post_content&nbsp;&raquo; title_text=&nbsp;&raquo;C\u00f2p de man IEO OPM&nbsp;&raquo; show_in_lightbox=&nbsp;&raquo;on&nbsp;&raquo; hover_enabled=&nbsp;&raquo;0&Prime; sticky_enabled=&nbsp;&raquo;0&Prime;][\/et_pb_image][\/et_pb_column][et_pb_column _builder_version=&nbsp;&raquo;4.27.4&Prime; _module_preset=&nbsp;&raquo;default&nbsp;&raquo; type=&nbsp;&raquo;3_5&Prime; theme_builder_area=&nbsp;&raquo;post_content&nbsp;&raquo;][et_pb_text _builder_version=&nbsp;&raquo;4.27.4&Prime; _module_preset=&nbsp;&raquo;default&nbsp;&raquo; theme_builder_area=&nbsp;&raquo;post_content&nbsp;&raquo; text_orientation=&nbsp;&raquo;justified&nbsp;&raquo; hover_enabled=&nbsp;&raquo;0&Prime; sticky_enabled=&nbsp;&raquo;0&Prime;]<\/p>\n<h2>Comunicacion visuala<\/h2>\n<p>Sabiatz que prepausam de servicis grafics a destinacion de las associacions del malhum IEO&#8230; e al del\u00e0 ? De l&rsquo;aficha al maquetatge de libres, en passant per desplegants, logos, pegasolets, los besonhs p\u00f2don \u00e8sser variats e s\u00e8m acostumats de realizar tot aqu\u00f2. Enfin, &laquo;&nbsp;s\u00e8m&nbsp;&raquo;&#8230; mai que mai Elodia Saulnier, que ne coneiss\u00e8tz sens cap de dobte lo trabalh que fa amb <a href=\"https:\/\/lodiari.com\" target=\"_blank\" rel=\"noopener\" title=\"Site Lo Diari\">Lo Diari<\/a>, mas tanben de suls libres per las <a href=\"https:\/\/ieo-erau.com\/botiga\/\" target=\"_blank\" rel=\"noopener\" title=\"Edicions E... rau !\">edicions E&#8230;rau !<\/a>, l&rsquo;IEO d&rsquo;Aude, l&rsquo;<a href=\"https:\/\/ieo-olt.org\/edicions\/\" target=\"_blank\" rel=\"noopener\" title=\"Site IEO 46\">IEO d&rsquo;\u00d2lt<\/a>&#8230;  <\/p>\n<p>De tot aqu\u00f2 &#8211; e mai encara &#8211; ne pod\u00e8tz profitar, a de tarifas avantatjosas sul mercat. Av\u00e8tz un proj\u00e8cte visual ?  <a href=\"https:\/\/ieo-opm.com\/oc\/contacte\/\" title=\"Contacte IEO OPM\"><strong>Demandatz-nos !<\/strong><\/a><\/p>\n<p>[\/et_pb_text][\/et_pb_column][\/et_pb_row][et_pb_row _builder_version=&nbsp;&raquo;4.27.4&Prime; _module_preset=&nbsp;&raquo;default&nbsp;&raquo; theme_builder_area=&nbsp;&raquo;post_content&nbsp;&raquo; custom_padding=&nbsp;&raquo;20px||20px||true|false&nbsp;&raquo; hover_enabled=&nbsp;&raquo;0&Prime; sticky_enabled=&nbsp;&raquo;0&Prime;][et_pb_column _builder_version=&nbsp;&raquo;4.27.4&Prime; _module_preset=&nbsp;&raquo;default&nbsp;&raquo; type=&nbsp;&raquo;4_4&Prime; theme_builder_area=&nbsp;&raquo;post_content&nbsp;&raquo;][et_pb_divider _builder_version=&nbsp;&raquo;4.27.4&Prime; _module_preset=&nbsp;&raquo;default&nbsp;&raquo; theme_builder_area=&nbsp;&raquo;post_content&nbsp;&raquo; divider_position=&nbsp;&raquo;center&nbsp;&raquo; hover_enabled=&nbsp;&raquo;0&Prime; sticky_enabled=&nbsp;&raquo;0&Prime;][\/et_pb_divider][\/et_pb_column][\/et_pb_row][et_pb_row _builder_version=&nbsp;&raquo;4.27.4&Prime; _module_preset=&nbsp;&raquo;default&nbsp;&raquo; column_structure=&nbsp;&raquo;3_5,2_5&Prime; theme_builder_area=&nbsp;&raquo;post_content&nbsp;&raquo; custom_padding=&nbsp;&raquo;0px||0px||false|false&nbsp;&raquo; hover_enabled=&nbsp;&raquo;0&Prime; sticky_enabled=&nbsp;&raquo;0&Prime;][et_pb_column _builder_version=&nbsp;&raquo;4.27.4&Prime; _module_preset=&nbsp;&raquo;default&nbsp;&raquo; type=&nbsp;&raquo;3_5&Prime; theme_builder_area=&nbsp;&raquo;post_content&nbsp;&raquo;][et_pb_text _builder_version=&nbsp;&raquo;4.27.4&Prime; _module_preset=&nbsp;&raquo;default&nbsp;&raquo; theme_builder_area=&nbsp;&raquo;post_content&nbsp;&raquo; text_orientation=&nbsp;&raquo;justified&nbsp;&raquo; hover_enabled=&nbsp;&raquo;0&Prime; sticky_enabled=&nbsp;&raquo;0&Prime;]<\/p>\n<h2>Servicis civics<\/h2>\n<p>Tant que ne s\u00e8m a nos far de reclama, ne vaqu\u00ed una autra : <strong>sab\u00e8tz que pod\u00e8m aculhir de volontaris o volont\u00e0rias en servici civic ?<\/strong><\/p>\n<p>En realitat pod\u00e8m quitament aculhir un o una volont\u00e0ria&#8230; per v\u00f2stra estructura ! N\u00f2stre agradament nos permet de far \u00e7\u00f2 qu&rsquo;apelam &laquo;&nbsp;<strong>l&rsquo;intermediacion<\/strong>&laquo;&nbsp;, es a dire metre a disposicion una persona volont\u00e0ria per una associacion de n\u00f2stre malhum qu&rsquo;a pas, ela, l&rsquo;agradament, mas a una mission de prepausar. <\/p>\n<p>Atal nos ocupam de totas las demarchas administrativas : redaccion de l&rsquo;an\u00f3ncia, recrutament, tutorat, acompanhament de v\u00f2stre volontari. Aqu\u00f2 vos descarga d&rsquo;un trabalh fastig\u00f3s per vos concentrar sus l&rsquo;essencial e l&rsquo;activitat de la v\u00f2stra estructura. <\/p>\n<p>Un proj\u00e8cte de mission ? Coma indcat mai naut : <strong><a href=\"https:\/\/ieo-opm.com\/oc\/contacte\/\" title=\"Contacte IEO OPM\">digatz-nos-o<\/a><\/strong> ! <\/p>\n<p>[\/et_pb_text][\/et_pb_column][et_pb_column _builder_version=&nbsp;&raquo;4.27.4&Prime; _module_preset=&nbsp;&raquo;default&nbsp;&raquo; type=&nbsp;&raquo;2_5&Prime; theme_builder_area=&nbsp;&raquo;post_content&nbsp;&raquo;][et_pb_image src=&nbsp;&raquo;https:\/\/ieo-opm.com\/wp-content\/uploads\/A4pub_service_civique.jpg&nbsp;&raquo; _builder_version=&nbsp;&raquo;4.27.4&Prime; _module_preset=&nbsp;&raquo;default&nbsp;&raquo; theme_builder_area=&nbsp;&raquo;post_content&nbsp;&raquo; title_text=&nbsp;&raquo;Reclama Servici civic IEO OPM&nbsp;&raquo; show_in_lightbox=&nbsp;&raquo;on&nbsp;&raquo; hover_enabled=&nbsp;&raquo;0&Prime; sticky_enabled=&nbsp;&raquo;0&Prime; alt=&nbsp;&raquo;Reclama Servici civic IEO OPM&nbsp;&raquo;][\/et_pb_image][\/et_pb_column][\/et_pb_row][\/et_pb_section]<\/p>\n","protected":false},"excerpt":{"rendered":"<p>Sabiatz que l&rsquo;IEO OPM prepausa de servicis als membres de son malhum a de tarifas plan avantatjosas ? Dos exemples que vos interessar\u00e0n : la creacion grafica e la mesa a disposicion de servicis civics. <\/p>\n","protected":false},"author":1,"featured_media":41899,"comment_status":"open","ping_status":"closed","sticky":false,"template":"","format":"standard","meta":{"_et_pb_use_builder":"on","_et_pb_old_content":"","_et_gb_content_width":"","footnotes":""},"categories":[68],"tags":[224,162,521,140],"class_list":["post-41911","post","type-post","status-publish","format-standard","has-post-thumbnail","hentry","category-actualitats","tag-grafisme","tag-ieo-oc","tag-malhum-oc-2","tag-servici-civic"],"_links":{"self":[{"href":"https:\/\/ieo-opm.com\/oc\/wp-json\/wp\/v2\/posts\/41911","targetHints":{"allow":["GET"]}}],"collection":[{"href":"https:\/\/ieo-opm.com\/oc\/wp-json\/wp\/v2\/posts"}],"about":[{"href":"https:\/\/ieo-opm.com\/oc\/wp-json\/wp\/v2\/types\/post"}],"author":[{"embeddable":true,"href":"https:\/\/ieo-opm.com\/oc\/wp-json\/wp\/v2\/users\/1"}],"replies":[{"embeddable":true,"href":"https:\/\/ieo-opm.com\/oc\/wp-json\/wp\/v2\/comments?post=41911"}],"version-history":[{"count":2,"href":"https:\/\/ieo-opm.com\/oc\/wp-json\/wp\/v2\/posts\/41911\/revisions"}],"predecessor-version":[{"id":41913,"href":"https:\/\/ieo-opm.com\/oc\/wp-json\/wp\/v2\/posts\/41911\/revisions\/41913"}],"wp:featuredmedia":[{"embeddable":true,"href":"https:\/\/ieo-opm.com\/oc\/wp-json\/wp\/v2\/media\/41899"}],"wp:attachment":[{"href":"https:\/\/ieo-opm.com\/oc\/wp-json\/wp\/v2\/media?parent=41911"}],"wp:term":[{"taxonomy":"category","embeddable":true,"href":"https:\/\/ieo-opm.com\/oc\/wp-json\/wp\/v2\/categories?post=41911"},{"taxonomy":"post_tag","embeddable":true,"href":"https:\/\/ieo-opm.com\/oc\/wp-json\/wp\/v2\/tags?post=41911"}],"curies":[{"name":"wp","href":"https:\/\/api.w.org\/{rel}","templated":true}]}}