{"id":41634,"date":"2025-05-13T17:42:03","date_gmt":"2025-05-13T15:42:03","guid":{"rendered":"https:\/\/ieo-opm.com\/participatz-a-la-corsa-la-passem-dins-tarn\/"},"modified":"2025-05-13T17:50:52","modified_gmt":"2025-05-13T15:50:52","slug":"participatz-a-la-corsa-la-passem-dins-tarn","status":"publish","type":"post","link":"https:\/\/ieo-opm.com\/oc\/participatz-a-la-corsa-la-passem-dins-tarn\/","title":{"rendered":"Participatz a la corsa La Passem dins Tarn"},"content":{"rendered":"<p>[et_pb_section fb_built=&nbsp;&raquo;1&Prime; theme_builder_area=&nbsp;&raquo;post_content&nbsp;&raquo; _builder_version=&nbsp;&raquo;4.27.4&Prime; _module_preset=&nbsp;&raquo;default&nbsp;&raquo;][et_pb_row _builder_version=&nbsp;&raquo;4.27.4&Prime; _module_preset=&nbsp;&raquo;default&nbsp;&raquo; column_structure=&nbsp;&raquo;1_2,1_2&Prime; theme_builder_area=&nbsp;&raquo;post_content&nbsp;&raquo; custom_padding=&nbsp;&raquo;0px||0px||false|false&nbsp;&raquo; hover_enabled=&nbsp;&raquo;0&Prime; sticky_enabled=&nbsp;&raquo;0&Prime;][et_pb_column _builder_version=&nbsp;&raquo;4.27.4&Prime; _module_preset=&nbsp;&raquo;default&nbsp;&raquo; type=&nbsp;&raquo;1_2&Prime; theme_builder_area=&nbsp;&raquo;post_content&nbsp;&raquo;][et_pb_image src=&nbsp;&raquo;https:\/\/ieo-opm.com\/wp-content\/uploads\/Passem-plaquette-fev-25.jpg&nbsp;&raquo; _builder_version=&nbsp;&raquo;4.27.4&Prime; _module_preset=&nbsp;&raquo;default&nbsp;&raquo; theme_builder_area=&nbsp;&raquo;post_content&nbsp;&raquo; alt=&nbsp;&raquo;La Passem Tarn 23-24\/05\/2025&Prime; title_text=&nbsp;&raquo;La Passem Tarn 23-24\/05\/2025&Prime; hover_enabled=&nbsp;&raquo;0&Prime; sticky_enabled=&nbsp;&raquo;0&Prime; url=&nbsp;&raquo;https:\/\/ieo-opm.com\/wp-content\/uploads\/Passem-plaquette-fev-25.pdf&nbsp;&raquo; url_new_window=&nbsp;&raquo;on&nbsp;&raquo;][\/et_pb_image][et_pb_button button_text=&nbsp;&raquo;Se marcar coma correire \/ benev\u00f2le&nbsp;&raquo; _builder_version=&nbsp;&raquo;4.27.4&Prime; _module_preset=&nbsp;&raquo;default&nbsp;&raquo; theme_builder_area=&nbsp;&raquo;post_content&nbsp;&raquo; button_url=&nbsp;&raquo;https:\/\/docs.google.com\/forms\/d\/e\/1FAIpQLScclD5oDCMy3AAlqn8bG6PUai5pGKA4kilAGEPsWN2QRjwtwQ\/viewform&nbsp;&raquo; hover_enabled=&nbsp;&raquo;0&Prime; sticky_enabled=&nbsp;&raquo;0&Prime; button_alignment=&nbsp;&raquo;center&nbsp;&raquo; custom_button=&nbsp;&raquo;on&nbsp;&raquo; button_icon_placement=&nbsp;&raquo;left&nbsp;&raquo; button_on_hover=&nbsp;&raquo;off&nbsp;&raquo; button_icon=&nbsp;&raquo;&#xf298;||fa||400&Prime;][\/et_pb_button][et_pb_button button_text=&nbsp;&raquo;Aderir \/ Crompar un camiset&nbsp;&raquo; _builder_version=&nbsp;&raquo;4.27.4&Prime; _module_preset=&nbsp;&raquo;default&nbsp;&raquo; theme_builder_area=&nbsp;&raquo;post_content&nbsp;&raquo; button_url=&nbsp;&raquo;https:\/\/www.helloasso.com\/associations\/ligams-tarn\/boutiques\/aderir-e-crompar-un-camiset&nbsp;&raquo; hover_enabled=&nbsp;&raquo;0&Prime; sticky_enabled=&nbsp;&raquo;0&Prime; button_alignment=&nbsp;&raquo;center&nbsp;&raquo; custom_button=&nbsp;&raquo;on&nbsp;&raquo; button_icon_placement=&nbsp;&raquo;left&nbsp;&raquo; button_on_hover=&nbsp;&raquo;off&nbsp;&raquo; button_icon=&nbsp;&raquo;&#xf153;||fa||900&Prime;][\/et_pb_button][\/et_pb_column][et_pb_column _builder_version=&nbsp;&raquo;4.27.4&Prime; _module_preset=&nbsp;&raquo;default&nbsp;&raquo; type=&nbsp;&raquo;1_2&Prime; theme_builder_area=&nbsp;&raquo;post_content&nbsp;&raquo;][et_pb_text _builder_version=&nbsp;&raquo;4.27.4&Prime; _module_preset=&nbsp;&raquo;default&nbsp;&raquo; theme_builder_area=&nbsp;&raquo;post_content&nbsp;&raquo; text_orientation=&nbsp;&raquo;justified&nbsp;&raquo; hover_enabled=&nbsp;&raquo;0&Prime; sticky_enabled=&nbsp;&raquo;0&Prime;]<\/p>\n<p>Los 23 e 24 de mai, la corsa per la lenga occitana La Passem arriba dins Tarn ! Vos convidam a sost\u00e9ner l&rsquo;eveniment, qu&rsquo;aqu\u00f2 si\u00e1 en corrent o en ajudant a la si\u00e1 organizacion e al sieu debanament. <\/p>\n<p>Mai d&rsquo;una possibilitat :<\/p>\n<p>&#8211; <strong>C\u00f3rrer<\/strong>. Pas besonh d&rsquo;\u00e8sser un grand esportiu, pod\u00e8tz tanben far un sol quilom\u00e8tre e quitament caminar quand cal. La t\u00f2ca es pas de far petar las performan\u00e7as, mas de transmetre simbolicament lo ligam de la lenga occitana. Totas las id\u00e8as originalas son planvengudas : mascaratges, carris e ve\u00efcules, chancas&#8230; Es primi\u00e8r una f\u00e8sta !    <\/p>\n<p>&#8211; <strong>Ajudar<\/strong>. Una c\u00f2la de benev\u00f2les se constitu\u00eds a l&rsquo;entorn dels correires e correiras per los enquadrar, los acompanhar, los menar, mas tanben far l&rsquo;animacion lo long del percors. E cercan notadament de personas que parlan la lenga !  <\/p>\n<p>&#8211; <strong>Finan\u00e7ar<\/strong>. Amb <a href=\"https:\/\/www.helloasso.com\/associations\/ligams-tarn\/boutiques\/aderir-e-crompar-un-camiset\" target=\"_blank\" rel=\"noopener\" title=\"HelloAsso - Aderir e \/ o crompar un camiset - Adh\u00e9rer et \/ ou acheter un t-shirt\">v\u00f2stra adesion, un don, o en comandant un camiset<\/a> ajudaretz a finan\u00e7ar l&rsquo;eveniment. <\/p>\n<p>&#8211; <strong>Compartir<\/strong>. Pod\u00e8tz seguir La Passem <a href=\"https:\/\/www.facebook.com\/profile.php?id=61573146266871\" target=\"_blank\" rel=\"noopener\" title=\"La Passem Facebook\">sus Facebook<\/a>, <a href=\"https:\/\/www.instagram.com\/lapassemtarn\/\" target=\"_blank\" rel=\"noopener\" title=\"La Passem Instagram\">sus Instagram<\/a>, convidar v\u00f2stres contactes a likejar, partejar las informacions&#8230; <\/p>\n<p><em>Merc\u00e9s e a plan l\u00e8u dins Tarn per c\u00f3rrer per la lenga occitana !<\/em><\/p>\n<p>[\/et_pb_text][\/et_pb_column][\/et_pb_row][\/et_pb_section]<\/p>\n","protected":false},"excerpt":{"rendered":"<p>Los 23 e 24 de mai, la corsa per la lenga occitana La Passem arriba dins Tarn ! Vos convidam a sost\u00e9ner l&rsquo;eveniment, qu&rsquo;aqu\u00f2 si\u00e1 en corrent o en ajudant a la si\u00e1 organizacion e al sieu debanament. <\/p>\n","protected":false},"author":1,"featured_media":41474,"comment_status":"open","ping_status":"closed","sticky":false,"template":"","format":"standard","meta":{"_et_pb_use_builder":"on","_et_pb_old_content":"","_et_gb_content_width":"","footnotes":""},"categories":[68],"tags":[539,162,616,189],"class_list":["post-41634","post","type-post","status-publish","format-standard","has-post-thumbnail","hentry","category-actualitats","tag-corsa","tag-ieo-oc","tag-la-passem-oc","tag-tarn-oc"],"_links":{"self":[{"href":"https:\/\/ieo-opm.com\/oc\/wp-json\/wp\/v2\/posts\/41634","targetHints":{"allow":["GET"]}}],"collection":[{"href":"https:\/\/ieo-opm.com\/oc\/wp-json\/wp\/v2\/posts"}],"about":[{"href":"https:\/\/ieo-opm.com\/oc\/wp-json\/wp\/v2\/types\/post"}],"author":[{"embeddable":true,"href":"https:\/\/ieo-opm.com\/oc\/wp-json\/wp\/v2\/users\/1"}],"replies":[{"embeddable":true,"href":"https:\/\/ieo-opm.com\/oc\/wp-json\/wp\/v2\/comments?post=41634"}],"version-history":[{"count":2,"href":"https:\/\/ieo-opm.com\/oc\/wp-json\/wp\/v2\/posts\/41634\/revisions"}],"predecessor-version":[{"id":41636,"href":"https:\/\/ieo-opm.com\/oc\/wp-json\/wp\/v2\/posts\/41634\/revisions\/41636"}],"wp:featuredmedia":[{"embeddable":true,"href":"https:\/\/ieo-opm.com\/oc\/wp-json\/wp\/v2\/media\/41474"}],"wp:attachment":[{"href":"https:\/\/ieo-opm.com\/oc\/wp-json\/wp\/v2\/media?parent=41634"}],"wp:term":[{"taxonomy":"category","embeddable":true,"href":"https:\/\/ieo-opm.com\/oc\/wp-json\/wp\/v2\/categories?post=41634"},{"taxonomy":"post_tag","embeddable":true,"href":"https:\/\/ieo-opm.com\/oc\/wp-json\/wp\/v2\/tags?post=41634"}],"curies":[{"name":"wp","href":"https:\/\/api.w.org\/{rel}","templated":true}]}}