{"id":39966,"date":"2024-10-02T09:38:58","date_gmt":"2024-10-02T07:38:58","guid":{"rendered":"https:\/\/ieo-opm.com\/concert-dalbada-a-sent-savin-amb-aigaberdenc\/"},"modified":"2025-02-18T12:15:41","modified_gmt":"2025-02-18T11:15:41","slug":"concert-dalbada-a-sent-savin-amb-aigaberdenc","status":"publish","type":"post","link":"https:\/\/ieo-opm.com\/oc\/concert-dalbada-a-sent-savin-amb-aigaberdenc\/","title":{"rendered":"Conc\u00e8rt d&rsquo;Albada a Sent Savin amb Aigaberdenc"},"content":{"rendered":"<p>[et_pb_section fb_built=&nbsp;&raquo;1&Prime; theme_builder_area=&nbsp;&raquo;post_content&nbsp;&raquo; _builder_version=&nbsp;&raquo;4.27.0&Prime; _module_preset=&nbsp;&raquo;default&nbsp;&raquo;][et_pb_row _builder_version=&nbsp;&raquo;4.27.0&Prime; _module_preset=&nbsp;&raquo;default&nbsp;&raquo; column_structure=&nbsp;&raquo;1_2,1_2&Prime; theme_builder_area=&nbsp;&raquo;post_content&nbsp;&raquo; custom_padding=&nbsp;&raquo;0px||0px||false|false&nbsp;&raquo; hover_enabled=&nbsp;&raquo;0&Prime; sticky_enabled=&nbsp;&raquo;0&Prime;][et_pb_column _builder_version=&nbsp;&raquo;4.27.0&Prime; _module_preset=&nbsp;&raquo;default&nbsp;&raquo; type=&nbsp;&raquo;1_2&Prime; theme_builder_area=&nbsp;&raquo;post_content&nbsp;&raquo;][et_pb_image src=&nbsp;&raquo;https:\/\/ieo-opm.com\/wp-content\/uploads\/Albada.jpeg&nbsp;&raquo; _builder_version=&nbsp;&raquo;4.27.0&Prime; _module_preset=&nbsp;&raquo;default&nbsp;&raquo; theme_builder_area=&nbsp;&raquo;post_content&nbsp;&raquo; alt=&nbsp;&raquo;Albada &#8211; Aigaberdenc&nbsp;&raquo; title_text=&nbsp;&raquo;Albada &#8211; Aigaberdenc&nbsp;&raquo; show_in_lightbox=&nbsp;&raquo;on&nbsp;&raquo; hover_enabled=&nbsp;&raquo;0&Prime; sticky_enabled=&nbsp;&raquo;0&Prime;][\/et_pb_image][\/et_pb_column][et_pb_column _builder_version=&nbsp;&raquo;4.27.0&Prime; _module_preset=&nbsp;&raquo;default&nbsp;&raquo; type=&nbsp;&raquo;1_2&Prime; theme_builder_area=&nbsp;&raquo;post_content&nbsp;&raquo;][et_pb_text _builder_version=&nbsp;&raquo;4.27.0&Prime; _module_preset=&nbsp;&raquo;default&nbsp;&raquo; theme_builder_area=&nbsp;&raquo;post_content&nbsp;&raquo; text_orientation=&nbsp;&raquo;justified&nbsp;&raquo; hover_enabled=&nbsp;&raquo;0&Prime; sticky_enabled=&nbsp;&raquo;0&Prime;]<\/p>\n<p>L&rsquo;associacion <a href=\"https:\/\/ieo-opm.com\/oc\/aigaberdenc-2\/\" target=\"_blank\" rel=\"noopener\" title=\"Aigaberdenc\">Aigaberdenc <\/a> fa sa rintrada, amb un conc\u00e8rt gratuit del grop de cant polifonic Albada aqueste dij\u00f2us 3 d&rsquo;octobre a 20h a la sala de l&rsquo;Abadi\u00e1 de Sent Savin (Hauts Piren\u00e8us).<\/p>\n<p>L&rsquo;associacion tornar\u00e0 tanben pr\u00e9ner sos corses de lenga tre lo 10 d&rsquo;octobre, totjorn a Sent Savin.<\/p>\n<p>[\/et_pb_text][et_pb_button button_text=&nbsp;&raquo;Facebook d&#039;Aigaberdenc&nbsp;&raquo; _builder_version=&nbsp;&raquo;4.27.0&Prime; _module_preset=&nbsp;&raquo;default&nbsp;&raquo; theme_builder_area=&nbsp;&raquo;post_content&nbsp;&raquo; button_url=&nbsp;&raquo;https:\/\/www.facebook.com\/aigaberdenc\/&nbsp;&raquo; url_new_window=&nbsp;&raquo;on&nbsp;&raquo; button_alignment=&nbsp;&raquo;center&nbsp;&raquo; custom_button=&nbsp;&raquo;on&nbsp;&raquo; button_icon=&nbsp;&raquo;&#xe0c1;||divi||400&Prime; button_on_hover=&nbsp;&raquo;off&nbsp;&raquo; button_icon_placement=&nbsp;&raquo;left&nbsp;&raquo; hover_enabled=&nbsp;&raquo;0&Prime; sticky_enabled=&nbsp;&raquo;0&Prime;][\/et_pb_button][\/et_pb_column][\/et_pb_row][\/et_pb_section]<\/p>\n","protected":false},"excerpt":{"rendered":"<p>L&rsquo;associacion Aigaberdenc fa sa rintrada, amb un conc\u00e8rt gratuit del grop de cant polifonic Albada aqueste dij\u00f2us 3 d&rsquo;octobre a 20h a la sala de l&rsquo;Abadi\u00e1 de Sent Savin (Hauts Piren\u00e8us).<\/p>\n","protected":false},"author":1,"featured_media":39959,"comment_status":"open","ping_status":"closed","sticky":false,"template":"","format":"standard","meta":{"_et_pb_use_builder":"on","_et_pb_old_content":"","_et_gb_content_width":"","footnotes":""},"categories":[68],"tags":[592,593,162,521,594],"class_list":["post-39966","post","type-post","status-publish","format-standard","has-post-thumbnail","hentry","category-actualitats","tag-aigaberdenc-oc","tag-hauts-pireneus","tag-ieo-oc","tag-malhum-oc-2","tag-sent-savin"],"_links":{"self":[{"href":"https:\/\/ieo-opm.com\/oc\/wp-json\/wp\/v2\/posts\/39966","targetHints":{"allow":["GET"]}}],"collection":[{"href":"https:\/\/ieo-opm.com\/oc\/wp-json\/wp\/v2\/posts"}],"about":[{"href":"https:\/\/ieo-opm.com\/oc\/wp-json\/wp\/v2\/types\/post"}],"author":[{"embeddable":true,"href":"https:\/\/ieo-opm.com\/oc\/wp-json\/wp\/v2\/users\/1"}],"replies":[{"embeddable":true,"href":"https:\/\/ieo-opm.com\/oc\/wp-json\/wp\/v2\/comments?post=39966"}],"version-history":[{"count":2,"href":"https:\/\/ieo-opm.com\/oc\/wp-json\/wp\/v2\/posts\/39966\/revisions"}],"predecessor-version":[{"id":39968,"href":"https:\/\/ieo-opm.com\/oc\/wp-json\/wp\/v2\/posts\/39966\/revisions\/39968"}],"wp:featuredmedia":[{"embeddable":true,"href":"https:\/\/ieo-opm.com\/oc\/wp-json\/wp\/v2\/media\/39959"}],"wp:attachment":[{"href":"https:\/\/ieo-opm.com\/oc\/wp-json\/wp\/v2\/media?parent=39966"}],"wp:term":[{"taxonomy":"category","embeddable":true,"href":"https:\/\/ieo-opm.com\/oc\/wp-json\/wp\/v2\/categories?post=39966"},{"taxonomy":"post_tag","embeddable":true,"href":"https:\/\/ieo-opm.com\/oc\/wp-json\/wp\/v2\/tags?post=39966"}],"curies":[{"name":"wp","href":"https:\/\/api.w.org\/{rel}","templated":true}]}}