{"id":228732,"date":"2026-09-01T12:00:00","date_gmt":"2026-09-01T10:00:00","guid":{"rendered":"https:\/\/ieo-opm.com\/leu-la-rintrada-pels-corses-doccitan-per-adultes\/"},"modified":"2026-09-02T17:13:51","modified_gmt":"2026-09-02T15:13:51","slug":"leu-la-rintrada-pels-corses-doccitan-per-adultes","status":"publish","type":"post","link":"https:\/\/ieo-opm.com\/oc\/leu-la-rintrada-pels-corses-doccitan-per-adultes\/","title":{"rendered":"L\u00e8u la rintrada pels corses d&rsquo;occitan per adultes !"},"content":{"rendered":"<div class=\"et_pb_section_0 et_pb_section et_section_regular et_flex_section\">\n<div class=\"et_pb_row_0 et_pb_row et_flex_row\">\n<div class=\"et_pb_column_0 et_pb_column et-last-child et_flex_column et_pb_css_mix_blend_mode_passthrough et_flex_column_24_24 et_flex_column_24_24_tablet et_flex_column_24_24_phone\">\n<div class=\"et_pb_text_0 et_pb_text et_pb_bg_layout_light et_pb_module et_flex_module\"><div class=\"et_pb_text_inner\"><p>Lo retorn de setembre an\u00f3ncia la represa de l'esc\u00f2la, pels pichons, mas tanben la represa pr\u00f2cha dels corses per adultes. A l'IEO, las associacions se preparan a tornar pr\u00e9ner lo camin de las salas de classa del ser. E comunican !  <\/p>\n<p>Trobaretz aic\u00ed dej\u00f3s mantuna plaqueta d'informacion, per departament. Esitetz pas de nos mandar las v\u00f2stras o de completar la lista dins los comentaris. <\/p>\n<p>E per aver una vista mai globala, n\u00f2stra <a href=\"https:\/\/ieo-opm.com\/oc\/ont-aprener-loccitan\/\">cartografia regionala<\/a> dels corses es en linha e a jorn. Aic\u00ed tanben, senhalatz-nos tot apondon o modificacion. <\/p>\n<p>A l\u00e8u suls bancs de l'esc\u00f2la !<\/p>\n<\/div><\/div>\n<\/div>\n<\/div>\n\n<div class=\"et_pb_row_1 et_pb_row et_flex_row\">\n<div class=\"et_pb_column_1 et_pb_column et-last-child et_flex_column et_pb_css_mix_blend_mode_passthrough et_flex_column_24_24 et_flex_column_24_24_tablet et_flex_column_24_24_phone\">\n<div class=\"et_pb_text_1 et_pb_text et_pb_bg_layout_light et_pb_module et_flex_module\"><div class=\"et_pb_text_inner\"><h2>Dins Ari\u00e8ja<\/h2>\n<p>L'IEO 09 prepausa mai d'un cors e talhi\u00e8r, tanplan coma una of\u00e8rta de formacion a dist\u00e0ncia. Entresenhas al 05 81 06 03 88 \/ <a href=\"mailto:ieo09@orange.fr\" target=\"_blank\" rel=\"noopener\" title=\"Mail IEO 09\">ieo09@orange.fr<\/a> <\/p>\n<\/div><\/div>\n<\/div>\n<\/div>\n\n<div class=\"et_pb_row_2 et_pb_row et_flex_row\">\n<div class=\"et_pb_column_2 et_pb_column et_flex_column et_pb_css_mix_blend_mode_passthrough et_flex_column_12_24 et_flex_column_12_24_tablet et_flex_column_24_24_phone\">\n<div class=\"et_pb_image_0 et_pb_image et_pb_module et_flex_module\"><a href=\"https:\/\/ieo-opm.com\/wp-content\/uploads\/corses-e-talhiers-2026-2027-p1.png\" title=\"Plaqueta corses e talhi\u00e8rs Ari\u00e8ja 2026-2027\" class=\"et_pb_lightbox_image\" alt=\"Plaqueta corses e talhi\u00e8rs Ari\u00e8ja 2026-2027\"><span class=\"et_pb_image_wrap\"><img decoding=\"async\" src=\"https:\/\/ieo-opm.com\/wp-content\/uploads\/corses-e-talhiers-2026-2027-p1.png\" alt=\"Plaqueta corses e talhi\u00e8rs Ari\u00e8ja 2026-2027\" title=\"Plaqueta corses e talhi\u00e8rs Ari\u00e8ja 2026-2027\" width=\"1587\" height=\"2245\" srcset=\"https:\/\/ieo-opm.com\/wp-content\/uploads\/corses-e-talhiers-2026-2027-p1.png 1587w, https:\/\/ieo-opm.com\/wp-content\/uploads\/corses-e-talhiers-2026-2027-p1-1280x1811.png 1280w, https:\/\/ieo-opm.com\/wp-content\/uploads\/corses-e-talhiers-2026-2027-p1-980x1386.png 980w, https:\/\/ieo-opm.com\/wp-content\/uploads\/corses-e-talhiers-2026-2027-p1-480x679.png 480w\" sizes=\"(min-width: 0px) and (max-width: 480px) 480px, (min-width: 481px) and (max-width: 980px) 980px, (min-width: 981px) and (max-width: 1280px) 1280px, (min-width: 1281px) 1587px, 100vw\" class=\"wp-image-228702\" \/><\/span><\/a><\/div>\n<\/div>\n\n<div class=\"et_pb_column_3 et_pb_column et-last-child et_flex_column et_pb_css_mix_blend_mode_passthrough et_flex_column_12_24 et_flex_column_12_24_tablet et_flex_column_24_24_phone\">\n<div class=\"et_pb_image_1 et_pb_image et_pb_module et_flex_module\"><a href=\"https:\/\/ieo-opm.com\/wp-content\/uploads\/corses-e-talhiers-2026-2027-p2.png\" class=\"et_pb_lightbox_image\" alt=\"Plaqueta corses e talhi\u00e8rs Ari\u00e8ja 2026-2027\"><span class=\"et_pb_image_wrap\"><img decoding=\"async\" src=\"https:\/\/ieo-opm.com\/wp-content\/uploads\/corses-e-talhiers-2026-2027-p2.png\" title=\"corses e talhi\u00e8rs 2026-2027 p2\" width=\"1587\" height=\"2245\" srcset=\"https:\/\/ieo-opm.com\/wp-content\/uploads\/corses-e-talhiers-2026-2027-p2.png 1587w, https:\/\/ieo-opm.com\/wp-content\/uploads\/corses-e-talhiers-2026-2027-p2-1280x1811.png 1280w, https:\/\/ieo-opm.com\/wp-content\/uploads\/corses-e-talhiers-2026-2027-p2-980x1386.png 980w, https:\/\/ieo-opm.com\/wp-content\/uploads\/corses-e-talhiers-2026-2027-p2-480x679.png 480w\" sizes=\"(min-width: 0px) and (max-width: 480px) 480px, (min-width: 481px) and (max-width: 980px) 980px, (min-width: 981px) and (max-width: 1280px) 1280px, (min-width: 1281px) 1587px, 100vw\" class=\"wp-image-228720\" alt=\"Plaqueta corses e talhi\u00e8rs Ari\u00e8ja 2026-2027\" \/><\/span><\/a><\/div>\n<\/div>\n<\/div>\n\n<div class=\"et_pb_row_3 et_pb_row et_flex_row\">\n<div class=\"et_pb_column_4 et_pb_column et-last-child et_flex_column et_pb_css_mix_blend_mode_passthrough et_flex_column_24_24 et_flex_column_24_24_tablet et_flex_column_24_24_phone\">\n<div class=\"et_pb_text_2 et_pb_text et_pb_bg_layout_light et_pb_module et_flex_module\"><div class=\"et_pb_text_inner\"><h2>Dins Garona Nauta<\/h2>\n<p>Lo bacin tolosenc (e al del\u00e0) es ric de proposicions, amb tanben de visioconfer\u00e9ncia possibla. Entresenhas : 05 61 11 24 87 \/ <a href=\"mailto:cors@ieo31.com\">cors@ieo31.com<\/a> \/ <a href=\"https:\/\/ieo31.com\/wordpress\/formacion\/\" target=\"_blank\" rel=\"noopener\" title=\"Formacion - IEO 31\">ieo31.com<\/a> <\/p>\n<\/div><\/div>\n<\/div>\n<\/div>\n\n<div class=\"et_pb_row_4 et_pb_row et_flex_row\">\n<div class=\"et_pb_column_5 et_pb_column et_flex_column et_pb_css_mix_blend_mode_passthrough et_flex_column_12_24 et_flex_column_12_24_tablet et_flex_column_24_24_phone\">\n<div class=\"et_pb_image_2 et_pb_image et_pb_module et_flex_module\"><a href=\"https:\/\/ieo-opm.com\/wp-content\/uploads\/A6_PLAQCors2026_CV1.jpg\" title=\"Plaqueta dels corses d&#039;occitan per adultes de l&#039;IEO 31 2026-2027\" class=\"et_pb_lightbox_image\" alt=\"Plaqueta dels corses d&#039;occitan per adultes de l&#039;IEO 31 2026-2027\"><span class=\"et_pb_image_wrap\"><img decoding=\"async\" src=\"https:\/\/ieo-opm.com\/wp-content\/uploads\/A6_PLAQCors2026_CV1.jpg\" alt=\"Plaqueta dels corses d&#039;occitan per adultes de l&#039;IEO 31 2026-2027\" title=\"Plaqueta dels corses d&#039;occitan per adultes de l&#039;IEO 31 2026-2027\" width=\"1749\" height=\"1240\" srcset=\"https:\/\/ieo-opm.com\/wp-content\/uploads\/A6_PLAQCors2026_CV1.jpg 1749w, https:\/\/ieo-opm.com\/wp-content\/uploads\/A6_PLAQCors2026_CV1-1280x907.jpg 1280w, https:\/\/ieo-opm.com\/wp-content\/uploads\/A6_PLAQCors2026_CV1-980x695.jpg 980w, https:\/\/ieo-opm.com\/wp-content\/uploads\/A6_PLAQCors2026_CV1-480x340.jpg 480w\" sizes=\"(min-width: 0px) and (max-width: 480px) 480px, (min-width: 481px) and (max-width: 980px) 980px, (min-width: 981px) and (max-width: 1280px) 1280px, (min-width: 1281px) 1749px, 100vw\" class=\"wp-image-228723\" \/><\/span><\/a><\/div>\n<\/div>\n\n<div class=\"et_pb_column_6 et_pb_column et-last-child et_flex_column et_pb_css_mix_blend_mode_passthrough et_flex_column_12_24 et_flex_column_12_24_tablet et_flex_column_24_24_phone\">\n<div class=\"et_pb_image_3 et_pb_image et_pb_module et_flex_module\"><a href=\"https:\/\/ieo-opm.com\/wp-content\/uploads\/Cours-hebdomadaires.jpg\" title=\"Plaqueta dels corses d&#039;occitan per adultes de l&#039;IEO 31 2026-2027\" class=\"et_pb_lightbox_image\" alt=\"Plaqueta dels corses d&#039;occitan per adultes de l&#039;IEO 31 2026-2027\"><span class=\"et_pb_image_wrap\"><img decoding=\"async\" src=\"https:\/\/ieo-opm.com\/wp-content\/uploads\/Cours-hebdomadaires.jpg\" alt=\"Plaqueta dels corses d&#039;occitan per adultes de l&#039;IEO 31 2026-2027\" title=\"Plaqueta dels corses d&#039;occitan per adultes de l&#039;IEO 31 2026-2027\" width=\"1410\" height=\"2000\" srcset=\"https:\/\/ieo-opm.com\/wp-content\/uploads\/Cours-hebdomadaires.jpg 1410w, https:\/\/ieo-opm.com\/wp-content\/uploads\/Cours-hebdomadaires-1280x1816.jpg 1280w, https:\/\/ieo-opm.com\/wp-content\/uploads\/Cours-hebdomadaires-980x1390.jpg 980w, https:\/\/ieo-opm.com\/wp-content\/uploads\/Cours-hebdomadaires-480x681.jpg 480w\" sizes=\"(min-width: 0px) and (max-width: 480px) 480px, (min-width: 481px) and (max-width: 980px) 980px, (min-width: 981px) and (max-width: 1280px) 1280px, (min-width: 1281px) 1410px, 100vw\" class=\"wp-image-228725\" \/><\/span><\/a><\/div>\n<\/div>\n<\/div>\n<\/div>","protected":false},"excerpt":{"rendered":"<p>Lo retorn de setembre an\u00f3ncia la represa de l&rsquo;esc\u00f2la, pels pichons, mas tanben la represa pr\u00f2cha dels corses per adultes. A l&rsquo;IEO, las associacions se preparan a tornar pr\u00e9ner lo camin de las salas de classa del ser. E comunican !  <\/p>\n","protected":false},"author":1,"featured_media":228702,"comment_status":"open","ping_status":"closed","sticky":false,"template":"","format":"standard","meta":{"footnotes":""},"categories":[68],"tags":[655,155,520,269,162,521,656],"class_list":["post-228732","post","type-post","status-publish","format-standard","has-post-thumbnail","hentry","category-actualitats","tag-adultes","tag-ariege-oc","tag-cours-oc","tag-formacion","tag-ieo-oc","tag-malhum-oc-2","tag-talhiers"],"_links":{"self":[{"href":"https:\/\/ieo-opm.com\/oc\/wp-json\/wp\/v2\/posts\/228732","targetHints":{"allow":["GET"]}}],"collection":[{"href":"https:\/\/ieo-opm.com\/oc\/wp-json\/wp\/v2\/posts"}],"about":[{"href":"https:\/\/ieo-opm.com\/oc\/wp-json\/wp\/v2\/types\/post"}],"author":[{"embeddable":true,"href":"https:\/\/ieo-opm.com\/oc\/wp-json\/wp\/v2\/users\/1"}],"replies":[{"embeddable":true,"href":"https:\/\/ieo-opm.com\/oc\/wp-json\/wp\/v2\/comments?post=228732"}],"version-history":[{"count":2,"href":"https:\/\/ieo-opm.com\/oc\/wp-json\/wp\/v2\/posts\/228732\/revisions"}],"predecessor-version":[{"id":228734,"href":"https:\/\/ieo-opm.com\/oc\/wp-json\/wp\/v2\/posts\/228732\/revisions\/228734"}],"wp:featuredmedia":[{"embeddable":true,"href":"https:\/\/ieo-opm.com\/oc\/wp-json\/wp\/v2\/media\/228702"}],"wp:attachment":[{"href":"https:\/\/ieo-opm.com\/oc\/wp-json\/wp\/v2\/media?parent=228732"}],"wp:term":[{"taxonomy":"category","embeddable":true,"href":"https:\/\/ieo-opm.com\/oc\/wp-json\/wp\/v2\/categories?post=228732"},{"taxonomy":"post_tag","embeddable":true,"href":"https:\/\/ieo-opm.com\/oc\/wp-json\/wp\/v2\/tags?post=228732"}],"curies":[{"name":"wp","href":"https:\/\/api.w.org\/{rel}","templated":true}]}}