{"id":228712,"date":"2026-09-02T15:42:10","date_gmt":"2026-09-02T13:42:10","guid":{"rendered":"https:\/\/ieo-opm.com\/lo-comdt-cerca-2-servicis-civics\/"},"modified":"2026-09-02T15:55:57","modified_gmt":"2026-09-02T13:55:57","slug":"lo-comdt-cerca-2-servicis-civics","status":"publish","type":"post","link":"https:\/\/ieo-opm.com\/oc\/lo-comdt-cerca-2-servicis-civics\/","title":{"rendered":"Lo COMDT c\u00e8rca 2 servicis civics !"},"content":{"rendered":"<div class=\"et_pb_section_0 et_pb_section et_section_regular et_flex_section\">\n<div class=\"et_pb_row_0 et_pb_row et_flex_row\">\n<div class=\"et_pb_column_0 et_pb_column et_flex_column et_pb_css_mix_blend_mode_passthrough et_flex_column_2_5 et_flex_column_2_5_tablet et_flex_column_24_24_phone\">\n<div class=\"et_pb_image_0 et_pb_image et_pb_module et_flex_module\"><a href=\"https:\/\/ieo-opm.com\/wp-content\/uploads\/PUB_COMDT_service_civique2026.jpg\" class=\"et_pb_lightbox_image\"><span class=\"et_pb_image_wrap\"><img decoding=\"async\" src=\"https:\/\/ieo-opm.com\/wp-content\/uploads\/PUB_COMDT_service_civique2026.jpg\" title=\"PUB_COMDT_service_civique2026\" width=\"1414\" height=\"2000\" srcset=\"https:\/\/ieo-opm.com\/wp-content\/uploads\/PUB_COMDT_service_civique2026.jpg 1414w, https:\/\/ieo-opm.com\/wp-content\/uploads\/PUB_COMDT_service_civique2026-1280x1810.jpg 1280w, https:\/\/ieo-opm.com\/wp-content\/uploads\/PUB_COMDT_service_civique2026-980x1386.jpg 980w, https:\/\/ieo-opm.com\/wp-content\/uploads\/PUB_COMDT_service_civique2026-480x679.jpg 480w\" sizes=\"(min-width: 0px) and (max-width: 480px) 480px, (min-width: 481px) and (max-width: 980px) 980px, (min-width: 981px) and (max-width: 1280px) 1280px, (min-width: 1281px) 1414px, 100vw\" class=\"wp-image-228705\" alt=\"\"><\/span><\/a><\/div>\n<\/div>\n\n<div class=\"et_pb_column_1 et_pb_column et-last-child et_flex_column et_pb_css_mix_blend_mode_passthrough et_flex_column_3_5 et_flex_column_3_5_tablet et_flex_column_24_24_phone\">\n<div class=\"et_pb_text_0 et_pb_text et_pb_bg_layout_light et_pb_module et_flex_module\"><div class=\"et_pb_text_inner\"><p style=\"text-align: justify;\">Dempu\u00e8i lo 1\u00e8r de julhet de 2026, lo Centre occitan de las musicas e dan\u00e7as tradicionalas a una directritz nov\u00e8la, en la persona de Mathilde Lalle Briand. Tre son arribada a, amb son equipa, aviat una de las primi\u00e8ras etapas de son proj\u00e8cte d'establiment nov\u00e8l : l'amainatjament d'un vertadi\u00e8r lu\u00f2c de vida de la lenga e de la cultura occitanas. Per aqu\u00f2, se tr\u00f2ba qu'an <a href=\"https:\/\/www.helloasso.com\/associations\/centre-occitan-des-musiques-et-danses-traditionnelles\/collectes\/ajudatz-nos-a-far-del-comdt-un-subreluoc-the-place-to-be\" target=\"_blank\" rel=\"noopener\">dob\u00e8rt un finan\u00e7ament participatiu sus HelloAsso<\/a>.  <\/p>\n<p style=\"text-align: justify;\">Dins lo meteis temps, e per acompanhar aqueste desvolopament, <strong>lo COMDT es actualament a la rec\u00e8rca de doas personas de mens de 25 ans per menar una mission de Servici civic.<\/strong> Lo portatge e lo seguit administratiu ne son assegurats per l'IEO OPM, una primi\u00e8ra collaboracion entre n\u00f2stras doas estructuras que se deuri\u00e1 inscriure dins un partenariat durad\u00eds ! <\/p>\n<p style=\"text-align: justify;\">Las missions comen\u00e7ar\u00e0n a la tota debuta de novembre, e l'an\u00f3ncia es en linha sul site oficial del Servici civic. Coneiss\u00e8tz una persona interessada ? Trantalhetz pas de li far passar l'informacion !  <\/p>\n<\/div><\/div>\n\n<div class=\"et_pb_module et_pb_button_module_wrapper et_pb_button_0_wrapper\"><a class=\"et_pb_button_0 et_pb_button et_pb_bg_layout_light et_pb_module et_flex_module\" href=\"https:\/\/www.service-civique.gouv.fr\/trouver-ma-mission\/animer-la-vie-associative-et-occitane-au-comdt-toulouse-6a9575063551e-6a9573f70692294bf80d7062\" target=\"_blank\" data-icon=\"\uf15c\" rel=\"noopener\">Veire l&#039;an\u00f3ncia<\/a><\/div>\n<\/div>\n<\/div>\n<\/div>","protected":false},"excerpt":{"rendered":"<p>Lo COMDT es actualament a la rec\u00e8rca de doas personas de mens de 25 ans per menar una mission de Servici civic. Lo portatge e lo seguit administratiu ne son assegurats per l&rsquo;IEO OPM, una primi\u00e8ra collaboracion entre n\u00f2stras doas estructuras que se deuri\u00e1 inscriure dins un partenariat durad\u00eds ! <\/p>\n","protected":false},"author":1,"featured_media":228705,"comment_status":"open","ping_status":"closed","sticky":false,"template":"","format":"standard","meta":{"footnotes":""},"categories":[68],"tags":[652,521,140,379],"class_list":["post-228712","post","type-post","status-publish","format-standard","has-post-thumbnail","hentry","category-actualitats","tag-comdt","tag-malhum-oc-2","tag-servici-civic","tag-toulouse-oc-2"],"_links":{"self":[{"href":"https:\/\/ieo-opm.com\/oc\/wp-json\/wp\/v2\/posts\/228712","targetHints":{"allow":["GET"]}}],"collection":[{"href":"https:\/\/ieo-opm.com\/oc\/wp-json\/wp\/v2\/posts"}],"about":[{"href":"https:\/\/ieo-opm.com\/oc\/wp-json\/wp\/v2\/types\/post"}],"author":[{"embeddable":true,"href":"https:\/\/ieo-opm.com\/oc\/wp-json\/wp\/v2\/users\/1"}],"replies":[{"embeddable":true,"href":"https:\/\/ieo-opm.com\/oc\/wp-json\/wp\/v2\/comments?post=228712"}],"version-history":[{"count":2,"href":"https:\/\/ieo-opm.com\/oc\/wp-json\/wp\/v2\/posts\/228712\/revisions"}],"predecessor-version":[{"id":228714,"href":"https:\/\/ieo-opm.com\/oc\/wp-json\/wp\/v2\/posts\/228712\/revisions\/228714"}],"wp:featuredmedia":[{"embeddable":true,"href":"https:\/\/ieo-opm.com\/oc\/wp-json\/wp\/v2\/media\/228705"}],"wp:attachment":[{"href":"https:\/\/ieo-opm.com\/oc\/wp-json\/wp\/v2\/media?parent=228712"}],"wp:term":[{"taxonomy":"category","embeddable":true,"href":"https:\/\/ieo-opm.com\/oc\/wp-json\/wp\/v2\/categories?post=228712"},{"taxonomy":"post_tag","embeddable":true,"href":"https:\/\/ieo-opm.com\/oc\/wp-json\/wp\/v2\/tags?post=228712"}],"curies":[{"name":"wp","href":"https:\/\/api.w.org\/{rel}","templated":true}]}}